{"id":259,"date":"2013-10-31T10:44:23","date_gmt":"2013-10-31T08:44:23","guid":{"rendered":"http:\/\/beckerthorsten.de\/BabyBlog\/?p=259"},"modified":"2013-10-31T10:44:23","modified_gmt":"2013-10-31T08:44:23","slug":"kindergarten","status":"publish","type":"post","link":"https:\/\/bauchzwergl.de\/?p=259","title":{"rendered":"Kindergarten"},"content":{"rendered":"<p>What?!?!<!--more--><\/p>\n<p>Ja richtig gelesen. Wir haben uns am Montag eine KiTa angeschaut um unseren Sohn schon mal voranzumelden. Unglaublich aber wahr, dass man daran schon denken muss auch wenn unser Kleiner noch nicht geboren ist. Man muss sich das nur mal vorstellen 2015 soll unser Bauchzwergl den Kindergarten besuchen. Das ist noch sowas von weit weg. Aber naja wir haben den vorletzten Platz f\u00fcr 2015 bekommen :-).<\/p>\n<p>Was den Namen betrifft sind wir uns nun auch einig. Wir wissen nun endg\u00fcltig wie unser Sohn hei\u00dfen wird. Es gab noch ein paar Diskussionen was die Schreibweise betrifft. Das ist nun gekl\u00e4rt :-).<\/p>\n<p>Miriam darf n\u00e4chste Woche Versuchskaninchen spielen :-D! Lasst euch \u00fcberraschen ich werde berichten.<\/p>\n","protected":false},"excerpt":{"rendered":"<p>What?!?!<\/p>\n","protected":false},"author":1,"featured_media":0,"comment_status":"open","ping_status":"open","sticky":false,"template":"","format":"standard","meta":{"jetpack_post_was_ever_published":false,"_jetpack_newsletter_access":"","_jetpack_dont_email_post_to_subs":false,"_jetpack_newsletter_tier_id":0,"_jetpack_memberships_contains_paywalled_content":false,"footnotes":"","_jetpack_memberships_contains_paid_content":false,"jetpack_publicize_message":"","jetpack_publicize_feature_enabled":true,"jetpack_social_post_already_shared":false,"jetpack_social_options":{"image_generator_settings":{"template":"highway","enabled":false}}},"categories":[1],"tags":[],"jetpack_publicize_connections":[],"jetpack_featured_media_url":"","jetpack_sharing_enabled":true,"jetpack_shortlink":"https:\/\/wp.me\/p4XYrN-4b","jetpack_likes_enabled":true,"_links":{"self":[{"href":"https:\/\/bauchzwergl.de\/index.php?rest_route=\/wp\/v2\/posts\/259"}],"collection":[{"href":"https:\/\/bauchzwergl.de\/index.php?rest_route=\/wp\/v2\/posts"}],"about":[{"href":"https:\/\/bauchzwergl.de\/index.php?rest_route=\/wp\/v2\/types\/post"}],"author":[{"embeddable":true,"href":"https:\/\/bauchzwergl.de\/index.php?rest_route=\/wp\/v2\/users\/1"}],"replies":[{"embeddable":true,"href":"https:\/\/bauchzwergl.de\/index.php?rest_route=%2Fwp%2Fv2%2Fcomments&post=259"}],"version-history":[{"count":0,"href":"https:\/\/bauchzwergl.de\/index.php?rest_route=\/wp\/v2\/posts\/259\/revisions"}],"wp:attachment":[{"href":"https:\/\/bauchzwergl.de\/index.php?rest_route=%2Fwp%2Fv2%2Fmedia&parent=259"}],"wp:term":[{"taxonomy":"category","embeddable":true,"href":"https:\/\/bauchzwergl.de\/index.php?rest_route=%2Fwp%2Fv2%2Fcategories&post=259"},{"taxonomy":"post_tag","embeddable":true,"href":"https:\/\/bauchzwergl.de\/index.php?rest_route=%2Fwp%2Fv2%2Ftags&post=259"}],"curies":[{"name":"wp","href":"https:\/\/api.w.org\/{rel}","templated":true}]}}