{"id":300,"date":"2013-12-13T09:33:56","date_gmt":"2013-12-13T07:33:56","guid":{"rendered":"http:\/\/beckerthorsten.de\/BabyBlog\/?p=300"},"modified":"2013-12-13T09:33:56","modified_gmt":"2013-12-13T07:33:56","slug":"10-arzttermin","status":"publish","type":"post","link":"https:\/\/bauchzwergl.de\/?p=300","title":{"rendered":"10. Arzttermin"},"content":{"rendered":"<p>Am Montag waren wir zum regelm\u00e4\u00dfigen Arztermin.<!--more--><\/p>\n<p>Miriam ist nun in der 31. SSW und unser Sohn w\u00e4chst fr\u00f6hlich vor sich hin. Es mag sich wie eine Wiederholung anh\u00f6ren aber es ist alle in Ordnung :-). Dar\u00fcber freuen wir uns sehr. Das neue Ultraschallbild k\u00f6nnt ihr hier sehen:<\/p>\n<p>&lt;ULTRASCHALLBILD FOLGT NOCH&gt;<\/p>\n<p>Langsam aber sicher wird es enger im Bauch und das macht sich bei Miriam bemerkbar da sich des \u00f6fteren R\u00fcckenschmerzen hat als auch \u00e4u\u00dferlich am Bauch :-). Man sp\u00fcrt sowhl die doch recht starken Tritte als auch die leichten Verformungen des Bauchen :-). Das f\u00fchlt sich echt witzig an. Vielleicht schaffe ich es mal eine kleine Verformung des Bauches einzufangen.<br \/>\nLeider werden durch die Gr\u00f6\u00dfe auch die Ultraschallbilder sagen wir mal etwas schlechter, da man nicht alles einfangen kann. Es dauert aber nicht mehr lange bis man ihn live zu Gesicht bekommt :-D. Ich freu mich echt riesig wenn es endlich soweit ist :-).<\/p>\n<p>Ich m\u00f6chte mich nicht immer wiederholen aber in den n\u00e4chsten Beitr\u00e4gen versuche ich das ganze wieder etwas spannender zu gestalten. Ich zeige euch das nun fertige Kinderzimmer worauf Miriam und ich doch schon ein wenig stolz sind, dass wir es so gut hin bekommen haben. Lasst euch \u00fcberrauschen :-D!<\/p>\n<p>Hier ein kleines Video der aktuellen Ultraschall Bilder:<\/p>\n<div style=\"width: 560px;\" class=\"wp-video\"><!--[if lt IE 9]><script>document.createElement('video');<\/script><![endif]-->\n<video class=\"wp-video-shortcode\" id=\"video-300-1\" width=\"560\" height=\"420\" preload=\"metadata\" controls=\"controls\"><source type=\"video\/mp4\" src=\"http:\/\/beckerthorsten.de\/BabyBlog\/wp-content\/uploads\/2013\/12\/Ultraschallbilder.mp4?_=1\" \/><a href=\"http:\/\/beckerthorsten.de\/BabyBlog\/wp-content\/uploads\/2013\/12\/Ultraschallbilder.mp4\">http:\/\/beckerthorsten.de\/BabyBlog\/wp-content\/uploads\/2013\/12\/Ultraschallbilder.mp4<\/a><\/video><\/div>\n","protected":false},"excerpt":{"rendered":"<p>Am Montag waren wir zum regelm\u00e4\u00dfigen Arztermin.<\/p>\n","protected":false},"author":1,"featured_media":0,"comment_status":"open","ping_status":"open","sticky":false,"template":"","format":"standard","meta":{"jetpack_post_was_ever_published":false,"_jetpack_newsletter_access":"","_jetpack_dont_email_post_to_subs":false,"_jetpack_newsletter_tier_id":0,"_jetpack_memberships_contains_paywalled_content":false,"footnotes":"","_jetpack_memberships_contains_paid_content":false,"jetpack_publicize_message":"","jetpack_publicize_feature_enabled":true,"jetpack_social_post_already_shared":false,"jetpack_social_options":{"image_generator_settings":{"template":"highway","enabled":false}}},"categories":[1],"tags":[],"jetpack_publicize_connections":[],"jetpack_featured_media_url":"","jetpack_sharing_enabled":true,"jetpack_shortlink":"https:\/\/wp.me\/p4XYrN-4Q","jetpack_likes_enabled":true,"_links":{"self":[{"href":"https:\/\/bauchzwergl.de\/index.php?rest_route=\/wp\/v2\/posts\/300"}],"collection":[{"href":"https:\/\/bauchzwergl.de\/index.php?rest_route=\/wp\/v2\/posts"}],"about":[{"href":"https:\/\/bauchzwergl.de\/index.php?rest_route=\/wp\/v2\/types\/post"}],"author":[{"embeddable":true,"href":"https:\/\/bauchzwergl.de\/index.php?rest_route=\/wp\/v2\/users\/1"}],"replies":[{"embeddable":true,"href":"https:\/\/bauchzwergl.de\/index.php?rest_route=%2Fwp%2Fv2%2Fcomments&post=300"}],"version-history":[{"count":0,"href":"https:\/\/bauchzwergl.de\/index.php?rest_route=\/wp\/v2\/posts\/300\/revisions"}],"wp:attachment":[{"href":"https:\/\/bauchzwergl.de\/index.php?rest_route=%2Fwp%2Fv2%2Fmedia&parent=300"}],"wp:term":[{"taxonomy":"category","embeddable":true,"href":"https:\/\/bauchzwergl.de\/index.php?rest_route=%2Fwp%2Fv2%2Fcategories&post=300"},{"taxonomy":"post_tag","embeddable":true,"href":"https:\/\/bauchzwergl.de\/index.php?rest_route=%2Fwp%2Fv2%2Ftags&post=300"}],"curies":[{"name":"wp","href":"https:\/\/api.w.org\/{rel}","templated":true}]}}